{"id":1,"date":"2021-02-09T00:00:00","date_gmt":"2021-02-08T22:00:00","guid":{"rendered":"http:\/\/www.multiculti.fi\/?p=1"},"modified":"2021-02-09T09:03:25","modified_gmt":"2021-02-09T07:03:25","slug":"hello-world","status":"publish","type":"post","link":"https:\/\/www.multiculti.fi\/?p=1&lang=fi","title":{"rendered":"Vuosi 2021 on Multicultin seitsem\u00e4stoista toimintavuosi"},"content":{"rendered":"\n<p>Vuoden 2021 toiminta on ep\u00e4varmaa covid-19-tilanteen vuoksi. Synkkin\u00e4 aikoina on t\u00e4rke\u00e4\u00e4 tarjota kulttuuriel\u00e4myksi\u00e4. Monet Multicultin kulttuurinkuluttajista ovat seuranneet toimintaa jo yli viidentoista vuoden ajan. He ovat nyt ik\u00e4ryhm\u00e4\u00e4 70+, eiv\u00e4tk\u00e4 mielell\u00e4\u00e4n osallistu tapahtumiin sis\u00e4tiloissa. Sen takia meid\u00e4n t\u00e4ytyy t\u00e4n\u00e4 kev\u00e4\u00e4n\u00e4 keskitty\u00e4 ulkotilaisuuksiin. Sis\u00e4tiloissa voidaan j\u00e4rjest\u00e4\u00e4 vain pienen mittakaavan tapahtumia riitt\u00e4vin et\u00e4isyyksin.<\/p>\n\n\n\n<p>Multicultin vuosikokous on 14 maaliskuuta ja silloin vahvistetaan vuoden toimintasuunnitelma. Toimintasuunnitelma l\u00e4hetet\u00e4\u00e4n meid\u00e4n j\u00e4senillemme.<\/p>\n","protected":false},"excerpt":{"rendered":"<p>Vuoden 2021 toiminta on ep\u00e4varmaa covid-19-tilanteen vuoksi. Synkkin\u00e4 aikoina on t\u00e4rke\u00e4\u00e4 tarjota kulttuuriel\u00e4myksi\u00e4. Monet Multicultin kulttuurinkuluttajista ovat seuranneet toimintaa jo yli viidentoista vuoden ajan. He ovat nyt ik\u00e4ryhm\u00e4\u00e4 70+, eiv\u00e4tk\u00e4 mielell\u00e4\u00e4n osallistu tapahtumiin sis\u00e4tiloissa. Sen takia meid\u00e4n t\u00e4ytyy t\u00e4n\u00e4 kev\u00e4\u00e4n\u00e4 keskitty\u00e4 ulkotilaisuuksiin. Sis\u00e4tiloissa voidaan j\u00e4rjest\u00e4\u00e4 vain pienen mittakaavan tapahtumia riitt\u00e4vin et\u00e4isyyksin. Multicultin vuosikokous on 14 [&hellip;]<\/p>\n","protected":false},"author":1,"featured_media":0,"comment_status":"closed","ping_status":"open","sticky":false,"template":"","format":"standard","meta":{"footnotes":""},"categories":[1],"tags":[],"class_list":["post-1","post","type-post","status-publish","format-standard","hentry","category-uncategorized-fi"],"_links":{"self":[{"href":"https:\/\/www.multiculti.fi\/index.php?rest_route=\/wp\/v2\/posts\/1","targetHints":{"allow":["GET"]}}],"collection":[{"href":"https:\/\/www.multiculti.fi\/index.php?rest_route=\/wp\/v2\/posts"}],"about":[{"href":"https:\/\/www.multiculti.fi\/index.php?rest_route=\/wp\/v2\/types\/post"}],"author":[{"embeddable":true,"href":"https:\/\/www.multiculti.fi\/index.php?rest_route=\/wp\/v2\/users\/1"}],"replies":[{"embeddable":true,"href":"https:\/\/www.multiculti.fi\/index.php?rest_route=%2Fwp%2Fv2%2Fcomments&post=1"}],"version-history":[{"count":0,"href":"https:\/\/www.multiculti.fi\/index.php?rest_route=\/wp\/v2\/posts\/1\/revisions"}],"wp:attachment":[{"href":"https:\/\/www.multiculti.fi\/index.php?rest_route=%2Fwp%2Fv2%2Fmedia&parent=1"}],"wp:term":[{"taxonomy":"category","embeddable":true,"href":"https:\/\/www.multiculti.fi\/index.php?rest_route=%2Fwp%2Fv2%2Fcategories&post=1"},{"taxonomy":"post_tag","embeddable":true,"href":"https:\/\/www.multiculti.fi\/index.php?rest_route=%2Fwp%2Fv2%2Ftags&post=1"}],"curies":[{"name":"wp","href":"https:\/\/api.w.org\/{rel}","templated":true}]}}