{"id":106,"date":"2024-03-21T16:23:53","date_gmt":"2024-03-21T14:23:53","guid":{"rendered":"https:\/\/www.multiculti.fi\/?p=106"},"modified":"2024-03-21T16:30:06","modified_gmt":"2024-03-21T14:30:06","slug":"verksamhetsplan-for-ar-2024","status":"publish","type":"post","link":"https:\/\/www.multiculti.fi\/?p=106","title":{"rendered":"Verksamhetsplan f\u00f6r \u00e5r 2024"},"content":{"rendered":"\n<p><strong>\u00c4ndam\u00e5l:<\/strong> Kulturf\u00f6reningen Multicultis \u00e4ndam\u00e5l \u00e4r att st\u00f6da olika former av kultur i Nagu. M\u00e5let \u00e4r en levande, kreativ och h\u00e5llbar kulturmilj\u00f6 i sk\u00e4rg\u00e5rden. Multiculti verkar f\u00f6r att i samarbete med andra kulturproducenter berika kulturutbudet i v\u00e5r omgivning. &nbsp;Konst och kultur har betydelse f\u00f6r m\u00e4nniskans v\u00e4lm\u00e5ende i alla \u00e5ldrar.<\/p>\n\n\n\n<p>Multiculti str\u00e4var till att lyfta fram konstn\u00e4rer och hantverkare i Nagu genom att avtacka inbjudna g\u00e4ster och artister med en lokal hantverksprodukt<strong><\/strong><\/p>\n\n\n\n<p><strong>Samarbetspartner<\/strong>: Samarbete och gemenskap \u00e4r en grundf\u00f6ruts\u00e4ttning f\u00f6r v\u00e5r verksamhet. Viktiga samarbetspartner \u00e4r alla f\u00f6reningar i Nagu, men \u00e4ven f\u00f6reningar i den angr\u00e4nsande sk\u00e4rg\u00e5rden . Pargas stad \u00e4r ocks\u00e5 en viktig samarbetspart. M\u00e5nga evenemang \u00e4r gemensamma med andra f\u00f6reningar. Samarbetet ger en b\u00e4ttre planerad anv\u00e4ndning av resurser, en mer j\u00e4mlik arbetsbelastning och en god arbetsgemenskap.<\/p>\n\n\n\n<p><strong>M\u00e5lgrupp<\/strong> Naguborna \u00e4r Multicultis fr\u00e4msta m\u00e5lgrupp inom staden Pargas, eftersom vi i glesbygden beh\u00f6ver f\u00f6rst\u00e4rkta kulturaktiviteter. Vi noterar dock med gl\u00e4dje att m\u00e5nga kulturaktivister fr\u00e5n den angr\u00e4nsande sk\u00e4rg\u00e5rden tar del i v\u00e5ra evenemang. Barn och unga \u00e4r en viktig m\u00e5lgrupp f\u00f6r Multiculti. Vi arbetar aktivt i samarbete med andra organisationer och staden f\u00f6r att g\u00f6ra barn och ungdomar delaktiga i v\u00e5r verksamhet. Vi vill ocks\u00e5 forts\u00e4tta att i samarbete med skolornas l\u00e4rare premiera barn och ungdomar som visar s\u00e4rskilt engagemang f\u00f6r kultur.<\/p>\n\n\n\n<p>Multiculti verkar f\u00f6r att integrera nyinflyttade till Nagu s\u00e5v\u00e4l spr\u00e5kligt som kulturellt. I v\u00e5r verksamhet skapar vi ett gott samf\u00f6rst\u00e5nd mellan spr\u00e5kgrupperna och en del av v\u00e5ra aktiviteter fungerar som spr\u00e5kbad.<\/p>\n\n\n\n<p><strong>2024 \u00e4r Multicultis tjugonde verksamhets\u00e5r<\/strong><strong><\/strong><\/p>\n\n\n\n<p>I enlighet med sina&nbsp; stadgar kommer Multiculti att&nbsp; i samarbete med andra forts\u00e4tta att ordna b\u00e5de avgiftsbelagda kulturevenemang och \u00f6ppna kulturevenemang med fritt tilltr\u00e4de. Vi vill forts\u00e4tta med s\u00e5dana aktiviteter som f\u00e5tt ett positivt mottagande av naguborna och utformats till n\u00e5got av en tradition. Samtidigt \u00e4r vi beredda att ta fasta p\u00e5 ov\u00e4ntade m\u00f6jligheter som dyker upp. En levande kulturmilj\u00f6 f\u00f6ruts\u00e4tter balans mellan bevarande och utveckling. Multiculti str\u00e4var till att h\u00e5lla biljettpriserna l\u00e5ga i sk\u00e4rg\u00e5rden, men samtidigt erl\u00e4gga sk\u00e4liga arvoden till inbjudna artister.<\/p>\n\n\n\n<p><strong>LITTERATUR, TEATER, MUSIK, VISUELL KONST OCH ANNAN KULTUR<\/strong><strong><\/strong><\/p>\n\n\n\n<p>Multiculti deltar <strong>21.<\/strong>1. med andra naguf\u00f6reningar i evenemanget <strong>G\u00e5 ett yrke \u00e5t en kvinna<\/strong>. Vandringen sker till f\u00f6rm\u00e5n f\u00f6r kvinnor och deras barn i utvecklingsl\u00e4nder.<\/p>\n\n\n\n<p><strong>1.3. Musikalkonsert&nbsp;med k\u00e4rlek och humor p\u00e5 L\u2019Escale <\/strong><\/p>\n\n\n\n<p><strong>Musikteater i \u00d6sterbottens<\/strong> artister och sk\u00e5despelare Lina Johansson,<\/p>\n\n\n\n<p>Isa Lindgren-Backman. Petra Rauhala, Filip Ohls, Kristian Snellman bjuder p\u00e5 \u00e5rets mest k\u00e4rleksfyllda konsert. Det blir<\/p>\n\n\n\n<p>s\u00e5nger om v\u00e4nskap och k\u00e4rlek ur v\u00e4lk\u00e4nda musikaler, bland annat Fantomen p\u00e5 Operan, Sk\u00f6nheten och Odjuret, Chess, och S\u00e5 som i himmelen och ett antal Disney musikaler. Ackompanjerat av Sebastian Smeds blir det en magiskt vacker kv\u00e4ll<\/p>\n\n\n\n<p><strong>6.3.<\/strong><strong> <\/strong><strong>Teater Kojans pj\u00e4s Varf\u00f6r gul <\/strong><strong>p\u00e5 Framn\u00e4s<\/strong><\/p>\n\n\n\n<p>Dagis bjuds p\u00e5 pj\u00e4sen Varf\u00f6r gul om gr\u00e4nsen mellan fakta och fantasi. Pj\u00e4sen blandar teater och cirkus, talspr\u00e5k och teckenspr\u00e5k.<strong><\/strong><\/p>\n\n\n\n<p>Ordnas i samarbete med Nagu Ungdomsf\u00f6rening och Hem och Skola i Nagu.<br><br><strong>13.4.&nbsp; Konserten V\u00e4nskap<\/strong><strong> p\u00e5 L\u2019Escale<\/strong>&nbsp;<\/p>\n\n\n\n<p>En konsert med Martina Roos, Emma Raunio om delade perspektiv och odelad v\u00e4nskap. Tv\u00e5 generationer, samma fr\u00e5gor, olika svar. Olika fr\u00e5gor, samma svar. B\u00e5de och Bortom antingen eller. Pianist Stefanie Tuurna.<br><br><strong>17.4. Rekreations f\u00f6r \u00e4ldre Storfest f\u00f6r seniorer p\u00e5 Framn\u00e4s<\/strong><strong><\/strong><\/p>\n\n\n\n<p>Korpo Kulturgille bjuder p\u00e5 musik och traktering. Festingarna och Multiculti sk\u00f6ter de praktiska arrangemangen. En storfest ordnas \u00e4ven i oktober<\/p>\n\n\n\n<p><strong>27.4 &#8211; 12.5 V\u00e5rkultur<\/strong><br>Tillsammans med andra f\u00f6reningar i Nagu, dagis, f\u00f6rskolan och Kombis konstverkstaden och Art-Dur skapar Multiculti ett visuellt evenemang vid nagubornas gemensamma vardagsrum kommunalstugan. \u00c5rets tema \u00e4r Skapilar\/\u00d6t\u00f6k\u00e4t sm\u00e5 och stora kryp.<br><strong><br><\/strong><strong>1.5. F\u00f6rsta maj vid kommunalstugan<\/strong><\/p>\n\n\n\n<p>Kommunalstugan har utvecklats till ett gemensamt vardagsrum f\u00f6r naguborna. F\u00f6reningarna i Nagu ordnar igen p\u00e5 f\u00f6rsta maj en gemensam picknick med program f\u00f6r hela familjen. Multiculti ordnar en friluftskonsert med JAZZ\u00c5\u00c55 med Ralf Eriksson dragspel och s\u00e5ng, Carita Lagerspetz, tnsax, s\u00e5ng, Philip Hedlund banjo, gitarr, s\u00e5ng, Niklas Eriksson trummor, Pasi Lyysaari kontrabas.<\/p>\n\n\n\n<p><strong>15.6. Potatiafestivalen DE VITA P\u00c4RON<\/strong> p\u00e5 Nagu sommartorg<\/p>\n\n\n\n<p>\u00c4nda sedan \u00e5r 2005 har Multiculti ordnat Potatisfestivalen DE VITA P\u00c4RON, l\u00f6rdagen f\u00f6r midsommar. Festivalen \u00e4r en s\u00e4song\u00f6ppning f\u00f6r nagubor, producenter och f\u00f6retag i Nagu, och omnejd, en marknad med n\u00e4rproducerade produkter och en familjefest med fritt tilltr\u00e4de.<\/p>\n\n\n\n<p>Multiculti ordnar program f\u00f6r stora och sm\u00e5. Det popul\u00e4ra brassbandet Sointu-Seitsikko \u00e5terkommer. Sointu-Seitsikko uppf\u00f6r \u00e4ven Evita P\u00e4ron s\u00e5ngen&nbsp; om potatisodlarnas m\u00f6dor till melodin Don\u00b4t cry for me Argentina. F\u00f6rfattaren Henrika Andersson presenterar sin nya bok Nagu-Nalle och gammlem\u00e5rrorna . F\u00f6r barnen ordnas Pot Artis, d\u00e4r de f\u00e5r skapa sina egna&nbsp; potatisbaserade konstverk. \u00c5rets potatiskn\u00f6l nomineras av naguborna och utses p\u00e5 festivalen.<\/p>\n\n\n\n<p>Marknadsdelen sk\u00f6ts professionellt av Margot Wikstr\u00f6m<\/p>\n\n\n\n<p>Potatisfestivalen 2024 sammanfaller med den riksomfattande nypotatisdagen vilket ytterligare kommer att profilera Nagu som producent av god nypotatis<\/p>\n\n\n\n<p><strong>6.7. Ur kamarn<\/strong><\/p>\n\n\n\n<p>Multiculti samarbetar med Nagu kammarmusikdagar genom att ordna gratiskonserten Ur kamarn. Vi bygger broar<br>mellan de professionella kammarmusikerna och unga musikaliska f\u00f6rm\u00e5gor fr\u00e5n sk\u00e4rg\u00e5rden, som vi lockar \u201dur kamarn\u201d. Ungdomarna f\u00e5r sj\u00e4lva utforma konsertens program och verka som konferencierer i samr\u00e5d med kammarmusikdagarnas konstn\u00e4rliga ledare.\u00a0<br><br><strong>11.8 Edit S\u00f6dergrankonsert i Nagu kyrka<\/strong><\/p>\n\n\n\n<p>Edith &#8211; Jorden blev f\u00f6rvandlad till en askh\u00f6g<\/p>\n\n\n\n<p>V\u00e4lkommen till en kammarkonsert som hyllar poeten Edith S\u00f6dergran och hennes suggestiva texter. S\u00e5ngaren Fredrik Hagerberg och organisten Josefin Sundstr\u00f6m tar dig med p\u00e5 en resa genom S\u00f6dergrans v\u00e4rld med tre kraftfulla s\u00e5ngcykler. Utforska teman som \u00e5ngest, p\u00e5nyttf\u00f6delse, individualitet och inre styrka genom musik och poesi. Upplev verk av de svenska komposit\u00f6rerna Erik V. Sk\u00f6ld och H\u00e5kan Carlsson, samt Hagerbergs egen gripande s\u00e5ngcykel<\/p>\n\n\n\n<p>Konserten f\u00f6reg\u00e5s av en <strong>sammankomst i Kommunalstugan<\/strong> d\u00e4r Anso T\u00f6rnroth ber\u00e4ttar om Edith S\u00f6dergrans r\u00f6tter i Nagu och Ingeborg Spiik l\u00e4ser hennes dikter-Sammankomsten ordnas i samarbete med Nagu Hembygdsf\u00f6rening<br><br><strong>25.8. Forneldarnas natt vid Framn\u00e4s<\/strong> Multiculti deltar som part med andra naguf\u00f6reningar och staden i forneldsfesten. Nagu Ungdomsf\u00f6rening \u00e4r huvudarrang\u00f6r. Familjefesten \u00e4r ett evenemang som synligg\u00f6r f\u00f6reningarna som v\u00e4rdefulla inslag i Nagus kulturutbud. Ungdomarna spelar en viktig roll i genomf\u00f6randet. Nagu Rotarys sandslottst\u00e4vling utg\u00f6r ett centralt element i festen.<\/p>\n\n\n\n<p><strong>13.9. Konsert kring folk- och pops\u00e5ngaren Irwin Goodman<\/strong>&nbsp;och hans musik p\u00e5 L\u2019Escale.<\/p>\n\n\n\n<p>Skarvbandet Bosse Mellberg och Alarik Repo med Sauli Luttinen,&nbsp;Luumu Kaikkonen och Seppo Wahl spelar s\u00e5nger av Irwin Goodman.<\/p>\n\n\n\n<p>Irwin Goodman skrev omkring 200 s\u00e5nger, av vilka v\u00e4ldigt m\u00e5nga blev mycket popul\u00e4ra. Skarvbandet plockar fram en m\u00e5ngsidig musikalisk bild av Antti Hammarberg, alias Irwin. Ordvirtuosen Vexi Salmi skrev st\u00f6rsta delen av texterna till hans s\u00e5nger.<\/p>\n\n\n\n<p><strong>14.9 Sk\u00f6rdemarknaden<\/strong> ordnas av Pro Nagu. Som samarbetspart till Pro Nagu ordnar Multiculti <strong>en \u00f6ppen konsert<\/strong> med musiker fr\u00e5n sk\u00e4rg\u00e5rden.<br><br><strong>12.10. Arrhythmics konsert<\/strong> i Nagu kyrka<\/p>\n\n\n\n<p>Arrythmics \u00e4r en a capella ensemble best\u00e5ende av kvinnliga s\u00e5ngare fr\u00e5n \u00c5bo . Gruppen leds av Riitta Sorvola.<\/p>\n\n\n\n<p>&#8221;V\u00e4lkommen med&nbsp;p\u00e5 resa genom den&nbsp;finska damk\u00f6rsmusikens historia!&nbsp;Vi b\u00f6rjar med nationallandskap, dyker ner i nationalromantikens stora k\u00e4nslor och j\u00e4mf\u00f6r hur folkvisor har arrangerats p\u00e5 olika s\u00e4tt. Den nya musiksektionen bryter gama gr\u00e4nser och den sista delen&#8230; ja, ska vi g\u00e5 tillbaka till r\u00f6tterna? Eller kommer vi \u00e4ntligen att v\u00e5ga s\u00e4ga saker som kvinnan var tvungen att h\u00e5lla tyst om tidigare? Har v\u00e4rlden f\u00f6r\u00e4ndrats p\u00e5 tv\u00e5 \u00e5rhundraden?&#8221;<\/p>\n\n\n\n<p>Tv\u00e5 veckor i november: <strong>Lux Nagu.-Nauvo<\/strong> p\u00e5 kyrkvallen<\/p>\n\n\n\n<p>&nbsp;I samarbete med andra f\u00f6reningar, Nagu kapellf\u00f6rsamling, dagis, f\u00f6rskolan , konstklubben och intresserade nagubor ordnas igen ett stort visuellt evenemang p\u00e5 kyrkvallen f\u00f6r att skapa ett str\u00e5lande m\u00f6rker. Alla nagubor ges m\u00f6jlighet att vara med och bygga upp ljusverken. Barnen \u00e4r den fr\u00e4msta m\u00e5lgruppen. Evenemanget \u00e4r en del av Lux Archipelago.<strong><\/strong><\/p>\n\n\n\n<p><strong>10.11. Fars dag Musica Silentii in Archipelago i Nagu kyrka <\/strong><strong><\/strong><\/p>\n\n\n\n<p>N\u00e4r h\u00f6stm\u00f6rkret ligger som t\u00e4tast \u00f6ver sk\u00e4rg\u00e5rden ordnar Multiculti en l\u00e5gm\u00e4ld klassisk konsert i Nagu kyrka.&nbsp;I \u00e5r f\u00e5r vi lyssna p\u00e5 Ensemble Gamut, en unik ensemble som har skapat sitt sound genom att kombinera element fr\u00e5n medeltida musik, finsk folkmusik, improvisation och elektroniska ljudlandskap.<\/p>\n\n\n\n<p>Ensemble Gamut!:<br>Aino Peltomaa \/ s\u00e5ng, medeltidsharpa, slagverk, elektronik<br>Ilkka Heinonen \/ str\u00e5kharpor, viola da gamba, elektronik<br>Juho Myllyl\u00e4 \/ tv\u00e4rfl\u00f6jter, elektronik<br><br><strong>H\u00f6sten 2024 Sagodans p\u00e5 Nagu bibliotek <\/strong><\/p>\n\n\n\n<p>Elin Maria och Gabriel Syd\u00e4nvirta leder<\/p>\n\n\n\n<p>tre verkst\u00e4der med sagodans f\u00f6r barn och familjer p\u00e5 Nagu bibliotek. F\u00f6lj med p\u00e5 en sagoresa d\u00e4r b\u00f6ckernas fantasifulla v\u00e4rld upplevs genom dans och r\u00f6relse. Sagorna l\u00e4ses i spr\u00e5klig lekfullhet, varvat med b\u00e5de svenska och finska. Barnen f\u00e5r d\u00e4refter uppleva biblioteket och b\u00f6cker p\u00e5 nya s\u00e4tt och med dansen som spr\u00e5k och ber\u00e4ttande.<br>Tv\u00e5 av verkst\u00e4derna riktar sig till dagisbarn och personal. En verkstad \u00e4r \u00f6ppen f\u00f6r allm\u00e4nheten med barnfamiljer<strong><\/strong><\/p>\n\n\n\n<p><strong>Va veit du om Nagu?<\/strong> Muticulti forts\u00e4tter att i samarbete med andra f\u00f6reningar \u00f6ka kunskapen om Nagu.<\/p>\n\n\n\n<p><strong>\u00d6vrigt<\/strong><br>Multiculti planerar dessutom i samarbete med Nagu bibliotek ett f\u00f6rfattarbes\u00f6k av Sirpa K\u00e4hk\u00f6nen och anda mindre kulturevenemang ifall resurserna r\u00e4cker till<br><strong>Barnens \u00f6<\/strong><\/p>\n\n\n\n<p>Multiculti forts\u00e4tter att i samarbete med skolornas l\u00e4rare premiera barn och unga som visat s\u00e4rskilt intresse f\u00f6r kultur. Vi f\u00f6rs\u00f6ker ocks\u00e5 involvera ungdomarna i planering och genomf\u00f6rande av flera evenemang som V\u00e5rkultur och Lux Nagu. Nauvo. I samabete med NUF och Hem och Skola i Nagu bjuder Multicuti dagis, f\u00f6rskolan och de l\u00e4gsta klasserna p\u00e5 Kojans f\u00f6rst\u00e4llning Varf\u00f6r Gul ?<\/p>\n\n\n\n<p>F\u00f6r att \u00f6ka intresset f\u00f6r god musik bland barn och unga inbjuds de gratis till de konserter som Multiculti ordnar.<\/p>\n\n\n\n<p><strong>Shakespeare sunnuntai<\/strong><\/p>\n\n\n\n<p>Under ledning av Kaarina Karjula l\u00e4ser deltagarna En vintersaga, The Winter\u00b4s Tale p\u00e5 det spr\u00e5k som k\u00e4nns b\u00e4st f\u00f6r dem. Shakespeare fungerar p\u00e5 alla spr\u00e5k. Samarbete med Kombi.<\/p>\n\n\n\n<p><strong>F\u00f6reningen kommunalstugan<\/strong><br>Multiculti deltar som part i f\u00f6reningen i str\u00e4vanden att utveckla kommunalstugan till ett gemensamt vardagsrum f\u00f6r naguborna. Kommunalstugans g\u00e5rd anv\u00e4nds f\u00f6r m\u00f6ten och gemensamma utomhusevenemang som V\u00e5rkultur, f\u00f6rsta maj och Lux Nagu Nauvo<br><br><strong>Integration av inflyttade<\/strong><br>Multiculti forts\u00e4tter att verka f\u00f6r inflyttades integration i v\u00e5rt lokalsamh\u00e4lle.<\/p>\n","protected":false},"excerpt":{"rendered":"<p>\u00c4ndam\u00e5l: Kulturf\u00f6reningen Multicultis \u00e4ndam\u00e5l \u00e4r att st\u00f6da olika former av kultur i Nagu. M\u00e5let \u00e4r en levande, kreativ och h\u00e5llbar kulturmilj\u00f6 i sk\u00e4rg\u00e5rden. Multiculti verkar f\u00f6r att i samarbete med andra kulturproducenter berika kulturutbudet i v\u00e5r omgivning. &nbsp;Konst och kultur har betydelse f\u00f6r m\u00e4nniskans v\u00e4lm\u00e5ende i alla \u00e5ldrar. Multiculti str\u00e4var till att lyfta fram konstn\u00e4rer [&hellip;]<\/p>\n","protected":false},"author":1,"featured_media":0,"comment_status":"closed","ping_status":"open","sticky":false,"template":"","format":"standard","meta":{"footnotes":""},"categories":[2],"tags":[],"class_list":["post-106","post","type-post","status-publish","format-standard","hentry","category-okategoriserad"],"_links":{"self":[{"href":"https:\/\/www.multiculti.fi\/index.php?rest_route=\/wp\/v2\/posts\/106","targetHints":{"allow":["GET"]}}],"collection":[{"href":"https:\/\/www.multiculti.fi\/index.php?rest_route=\/wp\/v2\/posts"}],"about":[{"href":"https:\/\/www.multiculti.fi\/index.php?rest_route=\/wp\/v2\/types\/post"}],"author":[{"embeddable":true,"href":"https:\/\/www.multiculti.fi\/index.php?rest_route=\/wp\/v2\/users\/1"}],"replies":[{"embeddable":true,"href":"https:\/\/www.multiculti.fi\/index.php?rest_route=%2Fwp%2Fv2%2Fcomments&post=106"}],"version-history":[{"count":2,"href":"https:\/\/www.multiculti.fi\/index.php?rest_route=\/wp\/v2\/posts\/106\/revisions"}],"predecessor-version":[{"id":111,"href":"https:\/\/www.multiculti.fi\/index.php?rest_route=\/wp\/v2\/posts\/106\/revisions\/111"}],"wp:attachment":[{"href":"https:\/\/www.multiculti.fi\/index.php?rest_route=%2Fwp%2Fv2%2Fmedia&parent=106"}],"wp:term":[{"taxonomy":"category","embeddable":true,"href":"https:\/\/www.multiculti.fi\/index.php?rest_route=%2Fwp%2Fv2%2Fcategories&post=106"},{"taxonomy":"post_tag","embeddable":true,"href":"https:\/\/www.multiculti.fi\/index.php?rest_route=%2Fwp%2Fv2%2Ftags&post=106"}],"curies":[{"name":"wp","href":"https:\/\/api.w.org\/{rel}","templated":true}]}}