{"id":121,"date":"2025-03-11T10:29:05","date_gmt":"2025-03-11T08:29:05","guid":{"rendered":"https:\/\/www.multiculti.fi\/?p=121"},"modified":"2025-03-11T10:29:06","modified_gmt":"2025-03-11T08:29:06","slug":"verksamhetsplan-for-ar-2025","status":"publish","type":"post","link":"https:\/\/www.multiculti.fi\/?p=121","title":{"rendered":"Verksamhetsplan f\u00f6r \u00e5r 2025"},"content":{"rendered":"\n<p><strong>\u00c4ndam\u00e5l:<\/strong> Kulturf\u00f6reningen Multicultis \u00e4ndam\u00e5l \u00e4r att st\u00f6da olika former av kultur i Nagu. M\u00e5let \u00e4r en levande, kreativ och h\u00e5llbar kulturmilj\u00f6 i sk\u00e4rg\u00e5rden. Multiculti verkar f\u00f6r att i samarbete med andra kulturproducenter berika kulturutbudet i v\u00e5r omgivning. &nbsp;Konst och kultur har betydelse f\u00f6r m\u00e4nniskans v\u00e4lm\u00e5ende i alla \u00e5ldrar.<\/p>\n\n\n\n<p>Multiculti str\u00e4var till att lyfta fram konstn\u00e4rer och hantverkare i Nagu genom att avtacka inbjudna g\u00e4ster och artister med en lokal hantverksprodukt<strong><\/strong><\/p>\n\n\n\n<p><strong>Samarbetspartner<\/strong>: Samarbete och gemenskap \u00e4r en grundf\u00f6ruts\u00e4ttning f\u00f6r v\u00e5r verksamhet. Viktiga samarbetspartner \u00e4r alla f\u00f6reningar i Nagu, men \u00e4ven f\u00f6reningar i den angr\u00e4nsande sk\u00e4rg\u00e5rden. Pargas stad \u00e4r ocks\u00e5 en viktig samarbetspart. Multiculti har ett gott samarbete med dagis, skolan och konstklubben. M\u00e5nga evenemang \u00e4r gemensamma med andra f\u00f6reningar. Samarbetet ger en b\u00e4ttre planerad anv\u00e4ndning av resurser, en mer j\u00e4mlik arbetsbelastning och en god arbetsgemenskap.<\/p>\n\n\n\n<p><strong>M\u00e5lgrupp<\/strong> Naguborna \u00e4r Multicultis fr\u00e4msta m\u00e5lgrupp inom staden Pargas, eftersom vi i glesbygden beh\u00f6ver f\u00f6rst\u00e4rkta kulturaktiviteter. Vi noterar dock med gl\u00e4dje att m\u00e5nga kulturaktivister fr\u00e5n den angr\u00e4nsande sk\u00e4rg\u00e5rden tar del i v\u00e5ra evenemang. Barn och unga \u00e4r en viktig m\u00e5lgrupp f\u00f6r Multiculti. Vi arbetar aktivt i samarbete med andra organisationer och staden f\u00f6r att g\u00f6ra barn och ungdomar delaktiga i v\u00e5r verksamhet. Vi vill ocks\u00e5 forts\u00e4tta att i samarbete med skolornas l\u00e4rare premiera barn och ungdomar som visar s\u00e4rskilt engagemang f\u00f6r kultur.<\/p>\n\n\n\n<p>Multiculti verkar f\u00f6r att integrera nyinflyttade till Nagu s\u00e5v\u00e4l spr\u00e5kligt som kulturellt. I v\u00e5r verksamhet skapar vi ett gott samf\u00f6rst\u00e5nd mellan spr\u00e5kgrupperna och en del av v\u00e5ra aktiviteter fungerar som spr\u00e5kbad.<\/p>\n\n\n\n<p><strong>2025 fyller Multiculti 20 \u00e5r och Nagu firar sitt 630 \u00e5rsjubileum.<\/strong><strong><\/strong><\/p>\n\n\n\n<p>I enlighet med sina stadgar kommer Multiculti att i samarbete med andra forts\u00e4tta att ordna b\u00e5de avgiftsbelagda kulturevenemang och \u00f6ppna kulturevenemang med fritt tilltr\u00e4de. Under jubileums\u00e5ret satsar Multiculti speciellt p\u00e5 barn och ungdomar. Majoriteten av \u00e5rets inbjudna artister kommer fr\u00e5n det n\u00e4rbel\u00e4gna sk\u00e4rg\u00e5rdsomr\u00e5det.<\/p>\n\n\n\n<p>Vi vill forts\u00e4tta med s\u00e5dana aktiviteter som f\u00e5tt ett positivt mottagande av naguborna och utformats till n\u00e5got av en tradition. Samtidigt \u00e4r vi beredda att ta fasta p\u00e5 ov\u00e4ntade m\u00f6jligheter som dyker upp. En levande kulturmilj\u00f6 f\u00f6ruts\u00e4tter balans mellan bevarande och utveckling. Multiculti str\u00e4var till att h\u00e5lla biljettpriserna l\u00e5ga i sk\u00e4rg\u00e5rden, men samtidigt erl\u00e4gga sk\u00e4liga arvoden till inbjudna artister.<\/p>\n\n\n\n<p><strong>LITTERATUR, TEATER, MUSIK, VISUELL KONST OCH ANNAN KULTUR<\/strong><strong><\/strong><\/p>\n\n\n\n<p><strong>26.1.<\/strong> <strong>G\u00e5 ett yrke till en kvinna<\/strong>.Multiculti deltar med andra naguf\u00f6reningar i evenemanget. Vandringen sker till f\u00f6rm\u00e5n f\u00f6r kvinnor och deras barn i utvecklingsl\u00e4nder. Vandringen i Nagu \u00e4r \u00e5rets f\u00f6rsta f\u00f6r detta \u00e4ndam\u00e5l.<\/p>\n\n\n\n<p><strong>1.2. En Helt (O)vanlig Soundtrack-konsert\u201d p\u00e5 Framn\u00e4s<\/strong>bjuder p\u00e5 det b\u00e4sta fr\u00e5nfilmer<strong>,<\/strong> tv-serier och videospel under en och samma konsert. Under en ca 90 minuters helhet, framf\u00f6rt av helt (o)vanliga Pargasmusiker, f\u00e5r publiken f\u00f6lja med p\u00e5 en resa d\u00e4r man f\u00e5r ta del av en salig blandning av olika l\u00e5tar och stycken fr\u00e5n den m\u00e5ngsidiga v\u00e4rlden vi f\u00e5tt uppleva genom tv-rutan. Fr\u00e5n Mumindalen till Hogwarts och fr\u00e5n 80-talets action till barndomens favoritspel &#8211; p\u00e5 f\u00e4rden finns garanterat n\u00e5gonting f\u00f6r alla att k\u00e4nna igen.<\/p>\n\n\n\n<p>Medverkande: Anna Saarela, Adrian Rantala, Andr\u00e9as Rantala, Oliver Tschernij, Simon Grundvall, Anton Elmvik, Set Bergman (ljudtekniker) och Odwar B\u00e4cklund (ljustekniker)<strong><em>.<\/em><\/strong><\/p>\n\n\n\n<p>Barn och ungdomar under 18 \u00e5r inbjuds gratis till konserten.<\/p>\n\n\n\n<p><strong>9.3.<\/strong>Multiculti firar <strong>sitt 20 \u00e5rsjubileum<\/strong> genom att bjuda naguborna p\u00e5 en konsert efter \u00e5rsm\u00f6tet p\u00e5 L\u00b4Escale . Eftersom Multiculti vill satsa p\u00e5 barn och ungdomar har vi bjudit in elevbandet <strong>The Nagu Youngsters<\/strong> fr\u00e5n Musik- och bildkonstskolan Art Dur. Bandet best\u00e5r av sju musikanter i \u00e5ldern 10 &#8211; 12 \u00e5r och leds av musikern Gustav Nystr\u00f6m. Multiculti vill ge barnen en m\u00f6jlighet att utveckla sin scenvana och naguborna tillf\u00e4lle att lyssna till deras samspel. Ungdomarnas konsert f\u00f6ljs upp av trion Bottom Sauce med Gustav Nystr\u00f6m,Oliver Tschernij och Anton Elmvik.<\/p>\n\n\n\n<p><strong>26.4-11.5. V\u00e5rkultur<\/strong><br>Tillsammans med andra f\u00f6reningar i Nagu, dagis, f\u00f6rskolan och konstklubben skapar Multiculti ett visuellt evenemang vid nagubornas gemensamma vardagsrum kommunalstugan. \u00c5rets tema \u00e4r Ett levande hav och utg\u00f6r en del av Sk\u00e4rg\u00e5rdshavets \u00e5r,som koordineras av Biosf\u00e4rsomr\u00e5det. Vid invigningen leder Lia Lindstr\u00f6m en workshop.<\/p>\n\n\n\n<p><strong>1.5. F\u00f6rsta majpicknick vid kommunalstugan<\/strong><\/p>\n\n\n\n<p>F\u00f6reningarna i Nagu ordnar igen p\u00e5 f\u00f6rsta maj vid kommunalstugan en gemensam picknick med program f\u00f6r hela familjen. Multiculti ordnar en friluftskonsert med JAZZ\u00c5\u00c55 med Ralf Eriksson dragspel och s\u00e5ng, Carita Lagerspetz , tnsax, s\u00e5ng, Philip Hedlund banjo, gitarr, s\u00e5ng, Niklas Eriksson\u00a0 trummor, Pasi Lyysaari kontrabas<\/p>\n\n\n\n<p><strong>14.6. Potatisfestivalen DE VITA P\u00c4RON<\/strong> p\u00e5 Nagu sommartorg<\/p>\n\n\n\n<p>\u00c4nda sedan \u00e5r 2005 har Multiculti ordnat Potatisfestivalen DE VITA P\u00c4RON, l\u00f6rdagen f\u00f6r midsommar. Festivalen \u00e4r en s\u00e4song\u00f6ppning f\u00f6r nagubor, producenter och f\u00f6retag i Nagu med omnejd, en marknad med n\u00e4rproducerade produkter och en familjefest med fritt tilltr\u00e4de.<\/p>\n\n\n\n<p>Det blir program f\u00f6r stora och sm\u00e5. Det popul\u00e4ra brassbandet Sointu-Seitsikko \u00e5terkommer. \u00c5rets Evita P\u00e4ron sjunger om potatisodlarnas m\u00f6dor till melodin Don\u00b4t cry for me Argentina. F\u00f6r barnen ordnas Pot Artis,d\u00e4r de f\u00e5r skapa sina egna&nbsp; potatisbaserade konstverk. \u00c5rets potatiskn\u00f6l nomineras av naguborna och utses p\u00e5 festivalen. Marknadsdelen sk\u00f6ts professionellt av Jasmine Bistr\u00f6m och Anna Gr\u00f6ning.<\/p>\n\n\n\n<p><strong>5.7. Ur kamarn<\/strong><\/p>\n\n\n\n<p>Multiculti samarbetar med Nagu kammarmusikdagar genom gratiskonserten Ur kamarn. Vi bygger broar mellan de professionella kammarmusikerna och unga musikaliska f\u00f6rm\u00e5gor fr\u00e5n sk\u00e4rg\u00e5rden, som vi lockar \u201dur kamarn\u201d.<\/p>\n\n\n\n<p><strong>30.8. Forneldarnas natt vid Framn\u00e4s<\/strong><\/p>\n\n\n\n<p>Multiculti deltar som part med andra naguf\u00f6reningar och staden i forneldsfesten. Nagu Ungdomsf\u00f6rening \u00e4r huvudarrang\u00f6r. Familjefesten \u00e4r ett evenemang som synligg\u00f6r f\u00f6reningarna som v\u00e4rdefulla inslag i Nagus kulturutbud. Ungdomarna spelar en viktig roll i genomf\u00f6randet. Nagu Rotaryklubbs sandslottst\u00e4vling utg\u00f6r ett centralt element i festen.<\/p>\n\n\n\n<p><strong>6.9. F\u00f6rfattarbes\u00f6k<\/strong><\/p>\n\n\n\n<p>De v\u00e4ldigt popul\u00e4ra f\u00f6rfattarna Sirpa K\u00e4hk\u00f6nen och Kjell West\u00f6 m\u00f6ts i Nagu. K\u00e4hk\u00f6nen och West\u00f6 diskuterar f\u00f6rfattarskapets betydelse i dagens turbulenta v\u00e4rld. Diskussionen f\u00f6rs b\u00e5de p\u00e5 svenska och finska och \u00e5h\u00f6rarna kan st\u00e4lla fr\u00e5gor p\u00e5 b\u00e5da spr\u00e5ken.<\/p>\n\n\n\n<p>Efter diskussionen tar Kjell West\u00f6 fram sin gitarr och spelar sina favoritl\u00e5tar.<\/p>\n\n\n\n<p><strong>19.9. Liten kv\u00e4llskonsert p\u00e5 franska och svenska<\/strong> p\u00e5 L\u2019Escale.<\/p>\n\n\n\n<p>Sk\u00e5despelaren Johanna Ringbom och trubaduren och musikern Magnus Gr\u00e4sbeck bjuder in till en franskinspirerad konsert i det intima formatet.<\/p>\n\n\n\n<p>Det blir b\u00e5de k\u00e4nda och mindre k\u00e4nda chansoner, bl.a. Ne me quitte pas, Milord, Les feuilles mortes, och p\u00e5 svenska Loppan och pianisten samt Fabeln om spindeln och flugan. \u00c5tta s\u00e5nger och l\u00e4ttsamt prat mellan s\u00e5ngerna.<\/p>\n\n\n\n<p><strong>20.9. Musik&nbsp;&nbsp; p\u00e5 sk\u00f6rdefesten<\/strong><strong><\/strong><\/p>\n\n\n\n<p>Pro Nagu ordnar Sk\u00e4rg\u00e5rdens sk\u00f6rdefest. Som samarbetspart bidrar Multiculti med musikalisk underh\u00e5llning.<\/p>\n\n\n\n<p><strong>26.10. Musica Silentii in Archipelago i Nagu kyrka <\/strong><strong><\/strong><\/p>\n\n\n\n<p>N\u00e4r h\u00f6stm\u00f6rkret ligger som t\u00e4tast \u00f6ver sk\u00e4rg\u00e5rden ordnar Multiculti en l\u00e5gm\u00e4ld klassisk konsert i Nagu kyrka.&nbsp;2025 blir det Eija Kankaanranta, kantele och Marianne Maans, violin och s\u00e5ng.<br>En konsert som f\u00f6renar nutidsmusik och folkmusik. Duon erbjuder ett program med verk av de finska komposit\u00f6rerna Pauliina Isom\u00e4ki, Johanna Pitk\u00e4nen, Kalle Ylitalo och Juhani Nuorvala samt Ryuichi Sakamoto (JPN) och Olafur Arnalds (IS). I konserten \u00e4ven&nbsp;folkmusikkompositioner och -arrangemang med bl.a. virtuosa improvisationer i kantelens, s\u00e5ngens och violinens fascinerande ljudv\u00e4rldar.&nbsp;Flera av verken anknyter till m\u00e4nniskans relation och f\u00f6rst\u00e5else f\u00f6r naturen. En levande kontakt som \u00e4r realistisk och respektfull, samtidigt som den ger kraft och insikt.<\/p>\n\n\n\n<p><strong>Tv\u00e5 veckor i november: Lux Nagu Nauvo 2025 p\u00e5 kyrkvallen och i hamnen<\/strong><strong><\/strong><\/p>\n\n\n\n<p>&nbsp;I samarbete med andra f\u00f6reningar, Nagu kapellf\u00f6rsamling, dagis, f\u00f6rskolan, skolan. Art Dur och intresserade nagubor ordnas igen ett stort visuellt evenemang p\u00e5 kyrkvallen f\u00f6r att skapa <strong>En str\u00e5lande sk\u00e4rg\u00e5rd<\/strong>, som en del av Sk\u00e4rg\u00e5rdshavets \u00e5r. Alla nagubor ges m\u00f6jlighet att vara med och bygga upp ljusverken. Barnen \u00e4r den fr\u00e4msta m\u00e5lgruppen. Material fr\u00e5n f\u00f6reg\u00e5ende \u00e5rs evenemang kommer att \u00e5teranv\u00e4ndas. H\u00e5llbar utveckling \u00e4r ledordet. Evenemanget \u00e4r en del av Lux Archipelago.<strong><\/strong><\/p>\n\n\n\n<p><strong>Va veit du om Nagu?<\/strong> Muticulti forts\u00e4tter att i samarbete med andra f\u00f6reningar \u00f6ka kunskapen om Nagu. 2025 planeras en hembygdstur tillsammans med Nagu Hembygdsf\u00f6rening.<\/p>\n\n\n\n<p><strong>\u00d6vrigt<\/strong> Multiculti kommer dessutom att ordna mindre sammankomster med bes\u00f6k av f\u00f6rfattare eller diskussioner kring aktuella fr\u00e5gor.<strong><\/strong><\/p>\n\n\n\n<p><strong>Barnens Multiculti<\/strong><br>Multiculti forts\u00e4tter att i samarbete med skolornas l\u00e4rare premiera barn och unga som visat s\u00e4rskilt intresse f\u00f6r kultur. Vi f\u00f6rs\u00f6ker ocks\u00e5 involvera ungdomarna i planering och genomf\u00f6rande av flera evenemang som V\u00e5rkultur och Lux Nagu Nauvo&nbsp;<strong><\/strong><\/p>\n\n\n\n<p>F\u00f6r att \u00f6ka intresset f\u00f6r god musik bland barn och unga inbjuds de gratis till de konserter som Multiculti ordnar.<\/p>\n\n\n\n<p>3.3.bjuder Multiculti i samarbete med Skola och Hem i Nagu och Nagu ungdomsf\u00f6rening dagis, f\u00f6rskolan och \u00c5K1-2 p\u00e5 Unga teaterns pj\u00e4s<strong> Om jag f\u00f6tts till groda.<\/strong> Det \u00e4r den finlandssvenska dirigenten och pianisten Martin Segerstr\u00e5le som tonsatt dikterna i Annika Sandelins barnbok Om jag f\u00f6tts till groda som f\u00f6rest\u00e4llningen bygger p\u00e5. P\u00e5 scenen sk\u00e5despelaren Stella Laine och pianisten Anu Silvasti.<\/p>\n\n\n\n<p><strong>Rekreation f\u00f6r \u00e4ldre 10.4 och november <\/strong><strong><\/strong><\/p>\n\n\n\n<p>Multiculti medverkar som part i Korpo Kulturgilles projekt. Korpo Kulturgille bjuder p\u00e5 musik och traktering under tv\u00e5 storfester p\u00e5 Framn\u00e4s. Pension\u00e4rsf\u00f6reningen Festingarna och Multiculti sk\u00f6ter tillsammans de praktiska arrangemangen.<br><br><strong>Shakespeare sunnuntai<\/strong><\/p>\n\n\n\n<p>Under ledning av Kaarina Karjula forts\u00e4tter deltagarna att en s\u00f6ndag i m\u00e5naden studera William Shakespeares sk\u00e5despel p\u00e5 det spr\u00e5k som k\u00e4nns b\u00e4st f\u00f6r dem sj\u00e4lva. Shakespeare fungerar p\u00e5 alla spr\u00e5k. Samarbete med Kombi.<\/p>\n\n\n\n<p><strong>F\u00f6reningen kommunalstugan<\/strong><br>Multiculti deltar som part i f\u00f6reningen i str\u00e4vanden att utveckla kommunalstugan till ett gemensamt vardagsrum f\u00f6r naguborna. Kommunalstugans g\u00e5rd anv\u00e4nds f\u00f6r m\u00f6ten och gemensamma utomhusevenemang som V\u00e5rkultur, f\u00f6rsta maj och Lux Nagu Nauvo. Pekka Liljelund representerar Multiculti i f\u00f6reningens styrelse.<br><br><strong>Integration av inflyttade<\/strong><br>Multiculti forts\u00e4tter att verka f\u00f6r inflyttades integration i v\u00e5rt lokalsamh\u00e4lle.<\/p>\n\n\n\n<p><strong>Gemensam jul<\/strong><strong><\/strong><\/p>\n\n\n\n<p>Multiculti deltar tillsammans med f\u00f6rsamlingen och andra f\u00f6reningar i planeringen och finansieringen av sammankomsten gemensam jul i f\u00f6rsamlingshemmet.<\/p>\n","protected":false},"excerpt":{"rendered":"<p>\u00c4ndam\u00e5l: Kulturf\u00f6reningen Multicultis \u00e4ndam\u00e5l \u00e4r att st\u00f6da olika former av kultur i Nagu. M\u00e5let \u00e4r en levande, kreativ och h\u00e5llbar kulturmilj\u00f6 i sk\u00e4rg\u00e5rden. Multiculti verkar f\u00f6r att i samarbete med andra kulturproducenter berika kulturutbudet i v\u00e5r omgivning. &nbsp;Konst och kultur har betydelse f\u00f6r m\u00e4nniskans v\u00e4lm\u00e5ende i alla \u00e5ldrar. Multiculti str\u00e4var till att lyfta fram konstn\u00e4rer [&hellip;]<\/p>\n","protected":false},"author":1,"featured_media":0,"comment_status":"closed","ping_status":"open","sticky":false,"template":"","format":"standard","meta":{"footnotes":""},"categories":[2],"tags":[],"class_list":["post-121","post","type-post","status-publish","format-standard","hentry","category-okategoriserad"],"_links":{"self":[{"href":"https:\/\/www.multiculti.fi\/index.php?rest_route=\/wp\/v2\/posts\/121","targetHints":{"allow":["GET"]}}],"collection":[{"href":"https:\/\/www.multiculti.fi\/index.php?rest_route=\/wp\/v2\/posts"}],"about":[{"href":"https:\/\/www.multiculti.fi\/index.php?rest_route=\/wp\/v2\/types\/post"}],"author":[{"embeddable":true,"href":"https:\/\/www.multiculti.fi\/index.php?rest_route=\/wp\/v2\/users\/1"}],"replies":[{"embeddable":true,"href":"https:\/\/www.multiculti.fi\/index.php?rest_route=%2Fwp%2Fv2%2Fcomments&post=121"}],"version-history":[{"count":1,"href":"https:\/\/www.multiculti.fi\/index.php?rest_route=\/wp\/v2\/posts\/121\/revisions"}],"predecessor-version":[{"id":122,"href":"https:\/\/www.multiculti.fi\/index.php?rest_route=\/wp\/v2\/posts\/121\/revisions\/122"}],"wp:attachment":[{"href":"https:\/\/www.multiculti.fi\/index.php?rest_route=%2Fwp%2Fv2%2Fmedia&parent=121"}],"wp:term":[{"taxonomy":"category","embeddable":true,"href":"https:\/\/www.multiculti.fi\/index.php?rest_route=%2Fwp%2Fv2%2Fcategories&post=121"},{"taxonomy":"post_tag","embeddable":true,"href":"https:\/\/www.multiculti.fi\/index.php?rest_route=%2Fwp%2Fv2%2Ftags&post=121"}],"curies":[{"name":"wp","href":"https:\/\/api.w.org\/{rel}","templated":true}]}}