{"id":127,"date":"2026-03-10T16:05:36","date_gmt":"2026-03-10T14:05:36","guid":{"rendered":"https:\/\/www.multiculti.fi\/?p=127"},"modified":"2026-03-30T21:46:22","modified_gmt":"2026-03-30T19:46:22","slug":"verksamhetsplan-for-ar-2026","status":"publish","type":"post","link":"https:\/\/www.multiculti.fi\/?p=127","title":{"rendered":"VERKSAMHETSPLAN F\u00d6R \u00c5R 2026"},"content":{"rendered":"\n<p><strong>\u00c4ndam\u00e5l:<\/strong> Kulturf\u00f6reningen Multicultis \u00e4ndam\u00e5l \u00e4r att st\u00f6da olika former av kultur i Nagu. M\u00e5let \u00e4r en levande, kreativ och h\u00e5llbar kulturmilj\u00f6 i sk\u00e4rg\u00e5rden. Multiculti verkar f\u00f6r att i samarbete med andra kulturproducenter berika kulturutbudet i v\u00e5r omgivning. &nbsp;Konst och kultur har betydelse f\u00f6r m\u00e4nniskans v\u00e4lm\u00e5ende i alla \u00e5ldrar.<\/p>\n\n\n\n<p>Multiculti str\u00e4var till att lyfta fram konstn\u00e4rer och hantverkare i Nagu genom att avtacka inbjudna g\u00e4ster och artister med en lokal hantverksprodukt<strong><\/strong><\/p>\n\n\n\n<p><strong>Samarbetspartner<\/strong>: Samarbete och gemenskap \u00e4r en grundf\u00f6ruts\u00e4ttning f\u00f6r v\u00e5r verksamhet. Viktiga samarbetspartner \u00e4r alla f\u00f6reningar i Nagu, men \u00e4ven f\u00f6reningar i den angr\u00e4nsande sk\u00e4rg\u00e5rden. Pargas stad och Nagu sockenf\u00f6rsamling \u00e4r ocks\u00e5 viktiga samarbetspartner. Multiculti har ett gott samarbete med dagis, skolan och konstklubben i Nagu. M\u00e5nga evenemang \u00e4r gemensamma med andra f\u00f6reningar. Samarbetet ger en b\u00e4ttre planerad anv\u00e4ndning av resurser, en mer j\u00e4mlik arbetsbelastning och en god arbetsgemenskap.<\/p>\n\n\n\n<p><strong>M\u00e5lgrupp<\/strong>: Naguborna \u00e4r Multicultis fr\u00e4msta m\u00e5lgrupp inom staden Pargas, eftersom vi i glesbygden beh\u00f6ver f\u00f6rst\u00e4rkta kulturaktiviteter. Vi noterar dock med gl\u00e4dje att m\u00e5nga kulturaktivister fr\u00e5n den angr\u00e4nsande sk\u00e4rg\u00e5rden tar del i v\u00e5ra evenemang. Verksamheten riktar sig till alla \u00e5ldersgrupper.<\/p>\n\n\n\n<p>Barn och unga \u00e4r en viktig m\u00e5lgrupp f\u00f6r Multiculti. Vi arbetar aktivt tillsammans med andra organisationer och staden f\u00f6r att g\u00f6ra barn och ungdomar delaktiga i v\u00e5r verksamhet. Vi vill ocks\u00e5 forts\u00e4tta att i samarbete med skolans l\u00e4rare premiera barn och ungdomar som visar s\u00e4rskilt engagemang f\u00f6r kultur.<\/p>\n\n\n\n<p>Multiculti verkar f\u00f6r att integrera nyinflyttade till Nagu s\u00e5v\u00e4l spr\u00e5kligt som kulturellt. I v\u00e5r verksamhet skapar vi ett gott samf\u00f6rst\u00e5nd mellan spr\u00e5kgrupperna och en del av v\u00e5ra aktiviteter fungerar som spr\u00e5kbad.<\/p>\n\n\n\n<p><strong>LITTERATUR, TEATER, MUSIK, VISUELL KONST OCH ANNAN KULTUR<\/strong><strong><\/strong><\/p>\n\n\n\n<p>I enlighet med sina stadgar kommer Multiculti att i samarbete med andra forts\u00e4tta att ordna b\u00e5de \u00f6ppna kulturevenemang med fritt tilltr\u00e4de och avgiftsbelagda kulturevenemang.<\/p>\n\n\n\n<p>Vi vill forts\u00e4tta med s\u00e5dana aktiviteter som f\u00e5tt ett positivt mottagande av naguborna och utformats till n\u00e5got av en tradition. Samtidigt \u00e4r vi beredda att ta fasta p\u00e5 nya m\u00f6jligheter som dyker upp. En levande kulturmilj\u00f6 f\u00f6ruts\u00e4tter balans mellan bevarande och utveckling. Multiculti str\u00e4var till att h\u00e5lla biljettpriserna l\u00e5ga i sk\u00e4rg\u00e5rden, men samtidigt erl\u00e4gga sk\u00e4liga arvoden till inbjudna artister.<\/p>\n\n\n\n<p><strong>11.1. Musica Silentii in Archipelago i Nagu kyrka<\/strong><strong><\/strong><\/p>\n\n\n\n<p>Medan sk\u00e4rg\u00e5rden \u00e4nnu \u00e4r insvept i vinterns m\u00f6rker, tystnad och kyla bjuder Multiculti p\u00e5 en konsert med <strong>Barockensemblen All \u00b4Improvisso<\/strong><\/p>\n\n\n\n<p><strong>Pilvi Listo cembalo och orgel<\/strong><br><strong>Pekka Sil\u00e9n tv\u00e4rfl\u00f6jt&nbsp; <\/strong><br><strong>Olli Hyyrynen luta och barockgitarr <\/strong><\/p>\n\n\n\n<p>Samarbete med Nagu sockenf\u00f6rsamling<\/p>\n\n\n\n<p><strong>18.1. <\/strong>G\u00e5<strong> ett yrke till en kvinna<\/strong>.<\/p>\n\n\n\n<p>Multiculti deltar med andra naguf\u00f6reningar i evenemanget. Vandringen sker till f\u00f6rm\u00e5n f\u00f6r kvinnor och deras barn i utvecklingsl\u00e4nder.<\/p>\n\n\n\n<p><strong>1.2. <\/strong>Tillsammans med <strong>Matilda \u00c5berg <\/strong>skapar vi ett<strong> Hj\u00e4rta av Ljus <\/strong>med budskapet k\u00e4rlek och hopp p\u00e5 gr\u00e4smattan nedanf\u00f6r Nagu kyrka. Tv\u00e5 k\u00e4rleksb\u00e4nkar invigs.<\/p>\n\n\n\n<p><strong>3.2. <\/strong>Under ledning av konstterapeut <strong>Lia Lindstr\u00f6m<\/strong> diskuterar vi k\u00e4rlek, v\u00e4nskap, att m\u00f6tas samarbeta och bry sig om varandra. Utg\u00e5ngspunkten \u00e4r klassikern Den Lille Prinsen, en filosofisk ber\u00e4ttelse, som betonar att det viktigaste i livet \u00e4r osynligt f\u00f6r \u00f6gonen, man ser ordentligt endast med hj\u00e4rtat.<\/p>\n\n\n\n<p><strong>1.3. Bob Waves p\u00e5 Framn\u00e4s <\/strong><strong><\/strong><\/p>\n\n\n\n<p><strong>Som f\u00e5geln<\/strong><strong><\/strong><\/p>\n\n\n\n<p>Livevideokonsert<\/p>\n\n\n\n<p>Marianne Maans: Violin och s\u00e5ng<br>Jaakko Ruola: Video<\/p>\n\n\n\n<p>Med Marianne Maans\u2019 violin och s\u00e5ng samt Jaakko Ruolas m\u00e5ngsidiga videon skapas en njutbar helhet som p\u00e5 ett nytt s\u00e4tt lyfter fram st\u00e4mningar fr\u00e5n Sk\u00e4rg\u00e5rdshavet och dess landskap i all sin m\u00e5ngfald och sk\u00f6nhet.<\/p>\n\n\n\n<p>Samarbete med Nagu Rotaryklubb.<\/p>\n\n\n\n<p><strong>25.4.-10.5 V\u00e5rkultur<\/strong><br>Tillsammans med andra f\u00f6reningar i Nagu, dagis, skolan och konstklubben skapar Multiculti ett visuellt evenemang vid nagubornas gemensamma vardagsrum kommunalstugan. \u00c5rets tema \u00e4r Vinden.<strong><em><\/em><\/strong><\/p>\n\n\n\n<p><strong>1.5. F\u00f6rsta maj picknick vid kommunalstugan<\/strong><\/p>\n\n\n\n<p>F\u00f6reningarna i Nagu och f\u00f6rsamlingen ordnar igen p\u00e5 f\u00f6rsta maj vid kommunalstugan en gemensam picknick med program f\u00f6r hela familjen. Multiculti ordnar en friluftskonsert med JAZZ\u00c5\u00c55 med Ralf Eriksson dragspel och s\u00e5ng, Carita Lagerspetz ftnsax, s\u00e5ng, Philip Hedlund banjo, gitarr, s\u00e5ng, Niklas Eriksson trummor, Pasi Lyysaari kontrabas<\/p>\n\n\n\n<p><strong>13.6. Potatisfestivalen DE VITA P\u00c4RON<\/strong> p\u00e5 Nagu sommartorg<\/p>\n\n\n\n<p>\u00c4nda sedan \u00e5r 2005 har Multiculti ordnat Potatisfestivalen DE VITA P\u00c4RON, l\u00f6rdagen f\u00f6r midsommar. Festivalen \u00e4r en s\u00e4songs\u00f6ppning f\u00f6r nagubor, producenter och f\u00f6retag i Nagu med omnejd, en marknad med n\u00e4rproducerade produkter och en familjefest med fritt tilltr\u00e4de.<\/p>\n\n\n\n<p>Det blir program f\u00f6r stora och sm\u00e5. Det popul\u00e4ra brassbandet Sointu-Seitsikko \u00e5terkommer. S\u00e5nggruppen Andi framf\u00f6r Evita s\u00e5ngerna om potatisodlarnas m\u00f6dor F\u00f6r barnen ordnas PotArtis, d\u00e4r de f\u00e5r skapa sina egna potatisbaserade konstverk. \u00c5rets potatiskn\u00f6l nomineras av naguborna och utses p\u00e5 festivalen. Anna Gr\u00f6ning \u00e4r producent f\u00f6r marknadsdelen.<\/p>\n\n\n\n<p>Samarbete med staden och f\u00f6reningarna.<\/p>\n\n\n\n<p><strong>4.7. Ur kamarn p\u00e5 L\u00c8scale<\/strong><\/p>\n\n\n\n<p>Multiculti samarbetar med Nagu kammarmusikdagar genom gratiskonserten Ur kamarn. Vi bygger broar mellan de professionella kammarmusikerna och unga musikaliska f\u00f6rm\u00e5gor fr\u00e5n sk\u00e4rg\u00e5rden, som vi lockar \u201dur kamarn\u201d.<\/p>\n\n\n\n<p><strong>29.8. Forneldarnas natt vid Framn\u00e4s<\/strong><\/p>\n\n\n\n<p>Multiculti deltar som part med andra naguf\u00f6reningar och staden i forneldsfesten. Nagu Ungdomsf\u00f6rening \u00e4r huvudarrang\u00f6r. Ungdomarna spelar en viktig roll i genomf\u00f6randet. Nagu Rotaryklubbs sandslottst\u00e4vling utg\u00f6r ett centralt element i festen.<\/p>\n\n\n\n<p><strong>18.9. Konsert med Poetic Light Orchestra p\u00e5 L\u00b4Escale <\/strong><strong><\/strong><\/p>\n\n\n\n<p>Henrik Huld\u00e9n, Kjell West\u00f6. Alarik Repo, Janne Mansikka<\/p>\n\n\n\n<p><strong>19.9. Musik p\u00e5 Sk\u00e4rg\u00e5rdens sk\u00f6rdefest<\/strong><strong><\/strong><\/p>\n\n\n\n<p>Pro Nagu ordnar Sk\u00e4rg\u00e5rdens sk\u00f6rdefest. Som samarbetspart bidrar Multiculti med en konsert med <strong>Poetic Light Orchestra<\/strong>; Henrik Huld\u00e9n, Kjell West\u00f6, Alarik Repo och Janne Mansikka<\/p>\n\n\n\n<p><strong>3.10 T\u00e4nk om vi \u2026 Arrhytmics i Nagu kyrka<\/strong><\/p>\n\n\n\n<p>&#8221;T\u00e4nk om vi\u2026&#8221; firar Arrhythmics dirigent Riitta Sorvolas 25 \u00e5rs konstn\u00e4rsjubileum. Konserten skildrar m\u00e4nniskorelationer och v\u00e4gar som korsas, v\u00e4cker minnen och starka k\u00e4nslor, och leder till reflektionen: &#8221;t\u00e4nk om vi\u2026&#8221;.<\/p>\n\n\n\n<p>Musikaliskt r\u00f6r sig konserten \u00f6ver olika genrer, fr\u00e5n klassiskt till pop, med en r\u00f6d tr\u00e5d som skapas genom dialogen mellan tv\u00e5 m\u00e4nniskor.<\/p>\n\n\n\n<p>I samarbete med Nagu sockenf\u00f6rsamling.<\/p>\n\n\n\n<p><strong>26-31.10 Sing for Peace <\/strong><strong><\/strong><\/p>\n\n\n\n<p><strong>Annika Cleo<\/strong> \u00f6var in s\u00e5nger om fred och j\u00e4mlikhet med l\u00e5gstadieelever i Kyrkbackens skola under en skolvecka. Skolan har under veckan fred och v\u00e4nskap som tema. Alls\u00e5nger \u00f6vas in.<\/p>\n\n\n\n<p>Skolorna ans\u00f6ker genom Kultur i skolan om arvode f\u00f6r Annika.<\/p>\n\n\n\n<p>Veckan mynnar ut i en konsert p\u00e5 Framn\u00e4s med de professionella musikerna <strong>Annika Cleo, Ari Stock\u00e5s, Paul Elias, Ramy Essam och eleverna<\/strong><strong><\/strong><\/p>\n\n\n\n<p>Samarbete med NUF och Hem och Skola.<\/p>\n\n\n\n<p><strong>30.10-16.11. Lux Nagu Nauvo 2026 <\/strong><strong><\/strong><\/p>\n\n\n\n<p>&nbsp;I samarbete med andra f\u00f6reningar, Nagu sockenf\u00f6rsamling, dagis, f\u00f6rskolan, skolan. Art Dur och intresserade nagubor ordnas igen ett stort visuellt evenemang p\u00e5 kyrkvallen och ute i byn. Alla nagubor ges m\u00f6jlighet att vara med och bygga upp ljusverken. Material fr\u00e5n f\u00f6reg\u00e5ende \u00e5rs evenemang \u00e5teranv\u00e4nds. H\u00e5llbar utveckling \u00e4r ledordet. Evenemanget riktar sig till alla nagubor, barn och vuxna och \u00e4r en del av Lux Archipelago. \u00c5rets tema \u00e4r Sj\u00f6fart.<strong><\/strong><\/p>\n\n\n\n<p><strong>Va veit du om Nagu?<\/strong> Muticulti forts\u00e4tter att i samarbete med andra f\u00f6reningar \u00f6ka kunskapen om Nagu.<\/p>\n\n\n\n<p><strong>\u00d6vrigt<\/strong><\/p>\n\n\n\n<p>Multiculti planerar dessutom att ordna mindre sammankomster med bes\u00f6k av f\u00f6rfattare eller diskussioner kring aktuella fr\u00e5gor.<strong><\/strong><\/p>\n\n\n\n<p><strong>Barnens Multiculti<\/strong><br>Multiculti forts\u00e4tter att i samarbete med skolornas l\u00e4rare premiera barn och unga som visat s\u00e4rskilt engagemang f\u00f6r kultur. Vi f\u00f6rs\u00f6ker ocks\u00e5 involvera ungdomarna i planering och genomf\u00f6rande av flera evenemang som V\u00e5rkultur, Lux Nagu Nauvo och Sing for Peace.<strong><\/strong><\/p>\n\n\n\n<p>F\u00f6r att \u00f6ka intresset f\u00f6r god musik bland barn och unga inbjuds de gratis till de konserter som Multiculti ordnar.<\/p>\n\n\n\n<p>H\u00f6gstadieeleverna bjuds av Multiculti och Hem och skola i Nagu p\u00e5 \u00c5STs pj\u00e4s Vi ska ju bara cykla f\u00f6rbi.<br><br><strong>Shakespeare sunnuntai<\/strong><br>Under ledning av Kaarina Karjula forts\u00e4tter deltagarna att en s\u00f6ndag i m\u00e5naden studera William Shakespeares sk\u00e5despel p\u00e5 det spr\u00e5k som k\u00e4nns b\u00e4st f\u00f6r dem sj\u00e4lva. Shakespeare fungerar p\u00e5 alla spr\u00e5k. Samarbete med Kombi.<\/p>\n\n\n\n<p><strong>F\u00f6reningen Kommunalstugan i Nagu<\/strong><br>Multiculti deltar som part i f\u00f6reningens str\u00e4vanden att utveckla kommunalstugan till ett gemensamt vardagsrum f\u00f6r naguborna. Kommunalstugans g\u00e5rd anv\u00e4nds f\u00f6r m\u00f6ten och gemensamma utomhusevenemang som V\u00e5rkultur, f\u00f6rsta maj och Lux Nagu Nauvo.<\/p>\n\n\n\n<p><strong>Integration av inflyttade<\/strong><br>Multiculti forts\u00e4tter att verka f\u00f6r inflyttades spr\u00e5kliga och kulturella integration i v\u00e5rt lokalsamh\u00e4lle.<\/p>\n\n\n\n<p><strong>Gemensam jul<\/strong><br>Multiculti deltar tillsammans med f\u00f6rsamlingen och andra f\u00f6reningar i planeringen och genomf\u00f6randet av sammankomsten <strong>gemensam jul i<\/strong> f\u00f6rsamlingshemmet.<\/p>\n\n\n\n<p><strong>Rekreation f\u00f6r \u00e4ldre<\/strong><br>Multiculti \u00f6vertar under \u00e5r 2026 huvudmannaskapet f\u00f6r projektet Rekreation f\u00f6r \u00e4ldre. Bosse Mellberg fungerar som producent och koordinator f\u00f6r projektet.<\/p>\n\n\n\n<p>&nbsp;Ekonomin sk\u00f6ts via Multiculti och Leenas bokf\u00f6ring. Mellberg kommer att vara i direkt kontakt med f\u00f6reningens bokf\u00f6rare. Marianne Maans bes\u00f6ker \u00e5ldringshemmen i Houtsk\u00e4r, Korpo och Nagu under 11 m\u00e5nader vilket betyder totalt 33 bes\u00f6k p\u00e5 \u00e4ldreboenden. Tv\u00e5 s.k. storfester ordnas i respektive kommundel. Projektet forts\u00e4tter enligt samma m\u00f6nster som tidigare. Pension\u00e4rsf\u00f6reningen Festingarna och Multiculti sk\u00f6ter tillsammans de praktiska arrangemangen vid storfesterna i Nagu. I Houtsk\u00e4r samarbetar f\u00f6reningen med Houtsk\u00e4rs pension\u00e4rsbostadsf\u00f6rening rf och med Houtsk\u00e4r Kulturgille rf. I Korpo samarbetar f\u00f6reningen med Korpo Pension\u00e4rsf\u00f6rening och med Korpo Kulturgille rf<\/p>\n","protected":false},"excerpt":{"rendered":"<p>\u00c4ndam\u00e5l: Kulturf\u00f6reningen Multicultis \u00e4ndam\u00e5l \u00e4r att st\u00f6da olika former av kultur i Nagu. M\u00e5let \u00e4r en levande, kreativ och h\u00e5llbar kulturmilj\u00f6 i sk\u00e4rg\u00e5rden. Multiculti verkar f\u00f6r att i samarbete med andra kulturproducenter berika kulturutbudet i v\u00e5r omgivning. &nbsp;Konst och kultur har betydelse f\u00f6r m\u00e4nniskans v\u00e4lm\u00e5ende i alla \u00e5ldrar. Multiculti str\u00e4var till att lyfta fram konstn\u00e4rer [&hellip;]<\/p>\n","protected":false},"author":1,"featured_media":0,"comment_status":"closed","ping_status":"open","sticky":false,"template":"","format":"standard","meta":{"footnotes":""},"categories":[2],"tags":[],"class_list":["post-127","post","type-post","status-publish","format-standard","hentry","category-okategoriserad"],"_links":{"self":[{"href":"https:\/\/www.multiculti.fi\/index.php?rest_route=\/wp\/v2\/posts\/127","targetHints":{"allow":["GET"]}}],"collection":[{"href":"https:\/\/www.multiculti.fi\/index.php?rest_route=\/wp\/v2\/posts"}],"about":[{"href":"https:\/\/www.multiculti.fi\/index.php?rest_route=\/wp\/v2\/types\/post"}],"author":[{"embeddable":true,"href":"https:\/\/www.multiculti.fi\/index.php?rest_route=\/wp\/v2\/users\/1"}],"replies":[{"embeddable":true,"href":"https:\/\/www.multiculti.fi\/index.php?rest_route=%2Fwp%2Fv2%2Fcomments&post=127"}],"version-history":[{"count":2,"href":"https:\/\/www.multiculti.fi\/index.php?rest_route=\/wp\/v2\/posts\/127\/revisions"}],"predecessor-version":[{"id":133,"href":"https:\/\/www.multiculti.fi\/index.php?rest_route=\/wp\/v2\/posts\/127\/revisions\/133"}],"wp:attachment":[{"href":"https:\/\/www.multiculti.fi\/index.php?rest_route=%2Fwp%2Fv2%2Fmedia&parent=127"}],"wp:term":[{"taxonomy":"category","embeddable":true,"href":"https:\/\/www.multiculti.fi\/index.php?rest_route=%2Fwp%2Fv2%2Fcategories&post=127"},{"taxonomy":"post_tag","embeddable":true,"href":"https:\/\/www.multiculti.fi\/index.php?rest_route=%2Fwp%2Fv2%2Ftags&post=127"}],"curies":[{"name":"wp","href":"https:\/\/api.w.org\/{rel}","templated":true}]}}